{"id":673,"date":"2024-08-16T14:42:35","date_gmt":"2024-08-16T12:42:35","guid":{"rendered":"https:\/\/aynrand.pro\/?p=673"},"modified":"2024-08-16T14:43:41","modified_gmt":"2024-08-16T12:43:41","slug":"objektivismus-auf-dem-liberty-rising-sommercamp-24","status":"publish","type":"post","link":"https:\/\/aynrand.pro\/index.php\/2024\/08\/16\/objektivismus-auf-dem-liberty-rising-sommercamp-24\/","title":{"rendered":"Objektivismus auf dem Liberty Rising Sommercamp 24"},"content":{"rendered":"\n<p>Auch dieses Jahr hat die Ayn Rand Gesellschaft wieder eng mit der objektivistischen Jugendorganisation Liberty Rising beim gro\u00dfen Sommerevent zusammengearbeitet. Das Sommercamp selbst fand in der malerischen Landschaft Medebachs &#8211; genaugenommen in Referinghausen vom 8. bis 11. August statt.<br><br>Die Philosophie Ayn Rands und ihre Anwendung auf unser Leben, war hierbei ganz im Fokus. So sprachen Nikos Sotirakopoulos vom Ayn Rand Institut, Max Remke und Stefan Griese von der Ayn Rand Gesellschaft und der Objektivist Alexander Becker. Auch weitere der Redner und viele der G\u00e4ste zeigten ein hohes Interesse an der revolution\u00e4ren Philosophie des rationalen Eigeninteresses. <br><br>Im Folgenden m\u00f6chten wir Ihnen daher ein paar Impressionen vom Sommercamp nicht vorenthalten:<br><\/p>\n\n\n<div class=\"wp-block-image\">\n<figure class=\"aligncenter size-large\"><img loading=\"lazy\" decoding=\"async\" width=\"1024\" height=\"576\" src=\"https:\/\/aynrand.pro\/wp-content\/uploads\/2024\/08\/camp10-1024x576.jpg\" alt=\"\" class=\"wp-image-678\" srcset=\"https:\/\/aynrand.pro\/wp-content\/uploads\/2024\/08\/camp10-1024x576.jpg 1024w, https:\/\/aynrand.pro\/wp-content\/uploads\/2024\/08\/camp10-300x169.jpg 300w, https:\/\/aynrand.pro\/wp-content\/uploads\/2024\/08\/camp10-768x432.jpg 768w, https:\/\/aynrand.pro\/wp-content\/uploads\/2024\/08\/camp10-1536x864.jpg 1536w, https:\/\/aynrand.pro\/wp-content\/uploads\/2024\/08\/camp10.jpg 1920w\" sizes=\"auto, (max-width: 1024px) 100vw, 1024px\" \/><figcaption class=\"wp-element-caption\">Wie bereits im letzten Jahr fesselt Nikos das Publikum<\/figcaption><\/figure>\n<\/div>\n\n<div class=\"wp-block-image\">\n<figure class=\"aligncenter size-large\"><img loading=\"lazy\" decoding=\"async\" width=\"1024\" height=\"576\" src=\"https:\/\/aynrand.pro\/wp-content\/uploads\/2024\/08\/camp6-1024x576.jpg\" alt=\"\" class=\"wp-image-675\" srcset=\"https:\/\/aynrand.pro\/wp-content\/uploads\/2024\/08\/camp6-1024x576.jpg 1024w, https:\/\/aynrand.pro\/wp-content\/uploads\/2024\/08\/camp6-300x169.jpg 300w, https:\/\/aynrand.pro\/wp-content\/uploads\/2024\/08\/camp6-768x432.jpg 768w, https:\/\/aynrand.pro\/wp-content\/uploads\/2024\/08\/camp6-1536x864.jpg 1536w, https:\/\/aynrand.pro\/wp-content\/uploads\/2024\/08\/camp6.jpg 1920w\" sizes=\"auto, (max-width: 1024px) 100vw, 1024px\" \/><figcaption class=\"wp-element-caption\">Pers\u00f6nliche Gespr\u00e4chsrunde zum Thema Objektivismus mit Stefan Griese.<\/figcaption><\/figure>\n<\/div>\n\n<div class=\"wp-block-image\">\n<figure class=\"aligncenter size-large\"><img loading=\"lazy\" decoding=\"async\" width=\"1024\" height=\"576\" src=\"https:\/\/aynrand.pro\/wp-content\/uploads\/2024\/08\/camp1-1024x576.jpg\" alt=\"\" class=\"wp-image-677\" srcset=\"https:\/\/aynrand.pro\/wp-content\/uploads\/2024\/08\/camp1-1024x576.jpg 1024w, https:\/\/aynrand.pro\/wp-content\/uploads\/2024\/08\/camp1-300x169.jpg 300w, https:\/\/aynrand.pro\/wp-content\/uploads\/2024\/08\/camp1-768x432.jpg 768w, https:\/\/aynrand.pro\/wp-content\/uploads\/2024\/08\/camp1-1536x864.jpg 1536w, https:\/\/aynrand.pro\/wp-content\/uploads\/2024\/08\/camp1.jpg 1920w\" sizes=\"auto, (max-width: 1024px) 100vw, 1024px\" \/><figcaption class=\"wp-element-caption\">Max Remke zum Thema: Lebensbejahend in einer lebensverneinenden Welt<\/figcaption><\/figure>\n<\/div>\n\n<div class=\"wp-block-image\">\n<figure class=\"aligncenter size-large\"><img loading=\"lazy\" decoding=\"async\" width=\"1024\" height=\"576\" src=\"https:\/\/aynrand.pro\/wp-content\/uploads\/2024\/08\/camp17-1024x576.jpg\" alt=\"\" class=\"wp-image-679\" srcset=\"https:\/\/aynrand.pro\/wp-content\/uploads\/2024\/08\/camp17-1024x576.jpg 1024w, https:\/\/aynrand.pro\/wp-content\/uploads\/2024\/08\/camp17-300x169.jpg 300w, https:\/\/aynrand.pro\/wp-content\/uploads\/2024\/08\/camp17-768x432.jpg 768w, https:\/\/aynrand.pro\/wp-content\/uploads\/2024\/08\/camp17-1536x864.jpg 1536w, https:\/\/aynrand.pro\/wp-content\/uploads\/2024\/08\/camp17.jpg 1920w\" sizes=\"auto, (max-width: 1024px) 100vw, 1024px\" \/><figcaption class=\"wp-element-caption\">Aufmerksammes Publikum bei einem der Vortr\u00e4ge<\/figcaption><\/figure>\n<\/div>\n\n<div class=\"wp-block-image\">\n<figure class=\"aligncenter size-large\"><img loading=\"lazy\" decoding=\"async\" width=\"1024\" height=\"576\" src=\"https:\/\/aynrand.pro\/wp-content\/uploads\/2024\/08\/camp13-1024x576.jpg\" alt=\"\" class=\"wp-image-676\" srcset=\"https:\/\/aynrand.pro\/wp-content\/uploads\/2024\/08\/camp13-1024x576.jpg 1024w, https:\/\/aynrand.pro\/wp-content\/uploads\/2024\/08\/camp13-300x169.jpg 300w, https:\/\/aynrand.pro\/wp-content\/uploads\/2024\/08\/camp13-768x432.jpg 768w, https:\/\/aynrand.pro\/wp-content\/uploads\/2024\/08\/camp13-1536x864.jpg 1536w, https:\/\/aynrand.pro\/wp-content\/uploads\/2024\/08\/camp13.jpg 1920w\" sizes=\"auto, (max-width: 1024px) 100vw, 1024px\" \/><figcaption class=\"wp-element-caption\">Gefragte Konzentration: Bogenschie\u00dfen war einer der zahlreichen, auflockernden Freizeitaktivit\u00e4ten<\/figcaption><\/figure>\n<\/div>\n\n<div class=\"wp-block-image\">\n<figure class=\"aligncenter size-large\"><img loading=\"lazy\" decoding=\"async\" width=\"1024\" height=\"576\" src=\"https:\/\/aynrand.pro\/wp-content\/uploads\/2024\/08\/camp4-1024x576.jpg\" alt=\"\" class=\"wp-image-674\" srcset=\"https:\/\/aynrand.pro\/wp-content\/uploads\/2024\/08\/camp4-1024x576.jpg 1024w, https:\/\/aynrand.pro\/wp-content\/uploads\/2024\/08\/camp4-300x169.jpg 300w, https:\/\/aynrand.pro\/wp-content\/uploads\/2024\/08\/camp4-768x432.jpg 768w, https:\/\/aynrand.pro\/wp-content\/uploads\/2024\/08\/camp4-1536x864.jpg 1536w, https:\/\/aynrand.pro\/wp-content\/uploads\/2024\/08\/camp4.jpg 1920w\" sizes=\"auto, (max-width: 1024px) 100vw, 1024px\" \/><figcaption class=\"wp-element-caption\">Frisch begeistert vom Objektivismus: Ex-Muslimin und Arno Esch-Preistr\u00e4gerin Zeinab Herz<\/figcaption><\/figure>\n<\/div>\n\n\n<p><br><br><\/p>\n","protected":false},"excerpt":{"rendered":"<p>Auch dieses Jahr hat die Ayn Rand Gesellschaft wieder eng mit der objektivistischen Jugendorganisation Liberty Rising beim gro\u00dfen Sommerevent zusammengearbeitet. Das Sommercamp selbst fand in der malerischen Landschaft Medebachs &#8211; genaugenommen in Referinghausen vom 8. bis 11. August statt. Die Philosophie Ayn Rands und ihre Anwendung auf unser Leben, war hierbei ganz im Fokus. So&hellip;&nbsp;<a href=\"https:\/\/aynrand.pro\/index.php\/2024\/08\/16\/objektivismus-auf-dem-liberty-rising-sommercamp-24\/\" class=\"\" rel=\"bookmark\">Weiterlesen &raquo;<span class=\"screen-reader-text\">Objektivismus auf dem Liberty Rising Sommercamp 24<\/span><\/a><\/p>\n","protected":false},"author":1,"featured_media":681,"comment_status":"closed","ping_status":"open","sticky":false,"template":"","format":"standard","meta":{"_coblocks_attr":"","_coblocks_dimensions":"","_coblocks_responsive_height":"","_coblocks_accordion_ie_support":"","_eb_attr":"","_uag_custom_page_level_css":"","advgb_blocks_editor_width":"","advgb_blocks_columns_visual_guide":"","neve_meta_sidebar":"","neve_meta_container":"","neve_meta_enable_content_width":"","neve_meta_content_width":0,"neve_meta_title_alignment":"","neve_meta_author_avatar":"","neve_post_elements_order":"","neve_meta_disable_header":"","neve_meta_disable_footer":"","neve_meta_disable_title":"","footnotes":""},"categories":[1],"tags":[],"class_list":["post-673","post","type-post","status-publish","format-standard","has-post-thumbnail","hentry","category-allgemein"],"aioseo_notices":[],"featured_image_src":"https:\/\/aynrand.pro\/wp-content\/uploads\/2024\/08\/camp7.jpg","author_info":{"display_name":"admin","author_link":"https:\/\/aynrand.pro\/index.php\/author\/admin\/"},"author_meta":{"display_name":"admin","author_link":"https:\/\/aynrand.pro\/index.php\/author\/admin\/"},"featured_img":"https:\/\/aynrand.pro\/wp-content\/uploads\/2024\/08\/camp7-300x169.jpg","uagb_featured_image_src":{"full":["https:\/\/aynrand.pro\/wp-content\/uploads\/2024\/08\/camp7.jpg",1920,1080,false],"thumbnail":["https:\/\/aynrand.pro\/wp-content\/uploads\/2024\/08\/camp7-150x150.jpg",150,150,true],"medium":["https:\/\/aynrand.pro\/wp-content\/uploads\/2024\/08\/camp7-300x169.jpg",300,169,true],"medium_large":["https:\/\/aynrand.pro\/wp-content\/uploads\/2024\/08\/camp7-768x432.jpg",768,432,true],"large":["https:\/\/aynrand.pro\/wp-content\/uploads\/2024\/08\/camp7-1024x576.jpg",1024,576,true],"1536x1536":["https:\/\/aynrand.pro\/wp-content\/uploads\/2024\/08\/camp7-1536x864.jpg",1536,864,true],"2048x2048":["https:\/\/aynrand.pro\/wp-content\/uploads\/2024\/08\/camp7.jpg",1920,1080,false],"neve-blog":["https:\/\/aynrand.pro\/wp-content\/uploads\/2024\/08\/camp7-930x620.jpg",930,620,true]},"uagb_author_info":{"display_name":"admin","author_link":"https:\/\/aynrand.pro\/index.php\/author\/admin\/"},"uagb_comment_info":0,"uagb_excerpt":"Auch dieses Jahr hat die Ayn Rand Gesellschaft wieder eng mit der objektivistischen Jugendorganisation Liberty Rising beim gro\u00dfen Sommerevent zusammengearbeitet. Das Sommercamp selbst fand in der malerischen Landschaft Medebachs &#8211; genaugenommen in Referinghausen vom 8. bis 11. August statt. Die Philosophie Ayn Rands und ihre Anwendung auf unser Leben, war hierbei ganz im Fokus. So&hellip;&nbsp;Weiterlesen&hellip;","coauthors":[],"tax_additional":{"categories":{"linked":["<a href=\"https:\/\/aynrand.pro\/index.php\/category\/allgemein\/\" class=\"advgb-post-tax-term\">Allgemein<\/a>"],"unlinked":["<span class=\"advgb-post-tax-term\">Allgemein<\/span>"]}},"comment_count":"0","relative_dates":{"created":"Ver\u00f6ffentlicht 2\u00a0Jahren vor","modified":"Aktualisiert 2\u00a0Jahren vor"},"absolute_dates":{"created":"Ver\u00f6ffentlicht am 16. August 2024","modified":"Aktualisiert am 16. August 2024"},"absolute_dates_time":{"created":"Ver\u00f6ffentlicht am 16. August 2024 14:42","modified":"Aktualisiert am 16. August 2024 14:43"},"featured_img_caption":"","series_order":"","_links":{"self":[{"href":"https:\/\/aynrand.pro\/index.php\/wp-json\/wp\/v2\/posts\/673","targetHints":{"allow":["GET"]}}],"collection":[{"href":"https:\/\/aynrand.pro\/index.php\/wp-json\/wp\/v2\/posts"}],"about":[{"href":"https:\/\/aynrand.pro\/index.php\/wp-json\/wp\/v2\/types\/post"}],"author":[{"embeddable":true,"href":"https:\/\/aynrand.pro\/index.php\/wp-json\/wp\/v2\/users\/1"}],"replies":[{"embeddable":true,"href":"https:\/\/aynrand.pro\/index.php\/wp-json\/wp\/v2\/comments?post=673"}],"version-history":[{"count":1,"href":"https:\/\/aynrand.pro\/index.php\/wp-json\/wp\/v2\/posts\/673\/revisions"}],"predecessor-version":[{"id":680,"href":"https:\/\/aynrand.pro\/index.php\/wp-json\/wp\/v2\/posts\/673\/revisions\/680"}],"wp:featuredmedia":[{"embeddable":true,"href":"https:\/\/aynrand.pro\/index.php\/wp-json\/wp\/v2\/media\/681"}],"wp:attachment":[{"href":"https:\/\/aynrand.pro\/index.php\/wp-json\/wp\/v2\/media?parent=673"}],"wp:term":[{"taxonomy":"category","embeddable":true,"href":"https:\/\/aynrand.pro\/index.php\/wp-json\/wp\/v2\/categories?post=673"},{"taxonomy":"post_tag","embeddable":true,"href":"https:\/\/aynrand.pro\/index.php\/wp-json\/wp\/v2\/tags?post=673"}],"curies":[{"name":"wp","href":"https:\/\/api.w.org\/{rel}","templated":true}]}}