{"id":746,"date":"2025-03-25T16:14:04","date_gmt":"2025-03-25T15:14:04","guid":{"rendered":"https:\/\/aynrand.pro\/?p=746"},"modified":"2025-03-25T16:14:04","modified_gmt":"2025-03-25T15:14:04","slug":"wir-auf-der-ayn-rand-con-2025-in-berlin","status":"publish","type":"post","link":"https:\/\/aynrand.pro\/index.php\/2025\/03\/25\/wir-auf-der-ayn-rand-con-2025-in-berlin\/","title":{"rendered":"Wir auf der Ayn Rand Con 2025 in Berlin"},"content":{"rendered":"\n<p>Mit gro\u00dfer Freude waren wir, wie auch viele Mitglieder unserer Partnerorganisation Liberty Rising bei der diesj\u00e4hrigen Ayn Rand Con Europe im Berliner Hotel Dorint. Und wir m\u00fcssen sagen \u2013 wir waren sehr positiv \u00fcberrascht. Insbesondere von unseren Mitbesuchern und ihrem hohen und aufrichtigen intelektuellem Interesse. Leider eine Seltenheit auf vielen Freiheitskonferenzen, die oft eher von \u201eParty-G\u00e4ngern\u201c mit einem Hang zu nicht ganz aufrichtigen Motivationsschreiben dominiert werden.<\/p>\n\n\n\n<figure class=\"wp-block-image size-large\"><img loading=\"lazy\" decoding=\"async\" width=\"1024\" height=\"576\" src=\"https:\/\/aynrand.pro\/wp-content\/uploads\/2025\/03\/ari1-1-1024x576.jpg\" alt=\"\" class=\"wp-image-751\" srcset=\"https:\/\/aynrand.pro\/wp-content\/uploads\/2025\/03\/ari1-1-1024x576.jpg 1024w, https:\/\/aynrand.pro\/wp-content\/uploads\/2025\/03\/ari1-1-300x169.jpg 300w, https:\/\/aynrand.pro\/wp-content\/uploads\/2025\/03\/ari1-1-768x432.jpg 768w, https:\/\/aynrand.pro\/wp-content\/uploads\/2025\/03\/ari1-1-1536x864.jpg 1536w, https:\/\/aynrand.pro\/wp-content\/uploads\/2025\/03\/ari1-1.jpg 1920w\" sizes=\"auto, (max-width: 1024px) 100vw, 1024px\" \/><\/figure>\n\n\n\n<p class=\"has-neve-link-color-color has-text-color has-link-color has-small-font-size wp-elements-c7d9a287b85aaf642dd5f782b96885bb\">Es gibt sie &#8211; deutsche Objektivisten und Objektivismusbegeisterte. Ganz rechts im Bild, mit breitem Grinsen, Yonathan vom Ayn Rand Institut.<\/p>\n\n\n\n<p>Diese positive aber sehr ernsthafte Gespr\u00e4chsathmosph\u00e4re hatten wir auch mit dem Staff des Ayn Rand Institute, der sich offen auch kontroversen Themen gestellt und uns damit ebenfalls positiv \u00fcberrascht hat. Besonderer Dank geht dabei an Yonathan, der uns immer wieder mit Personen ins Gespr\u00e4ch gebracht und gro\u00dfe Geduld bewiesen hat.<\/p>\n\n\n\n<figure class=\"wp-block-image size-large\"><img loading=\"lazy\" decoding=\"async\" width=\"1024\" height=\"576\" src=\"https:\/\/aynrand.pro\/wp-content\/uploads\/2025\/03\/ari4-1024x576.jpg\" alt=\"\" class=\"wp-image-750\" srcset=\"https:\/\/aynrand.pro\/wp-content\/uploads\/2025\/03\/ari4-1024x576.jpg 1024w, https:\/\/aynrand.pro\/wp-content\/uploads\/2025\/03\/ari4-300x169.jpg 300w, https:\/\/aynrand.pro\/wp-content\/uploads\/2025\/03\/ari4-768x432.jpg 768w, https:\/\/aynrand.pro\/wp-content\/uploads\/2025\/03\/ari4-1536x864.jpg 1536w, https:\/\/aynrand.pro\/wp-content\/uploads\/2025\/03\/ari4.jpg 1920w\" sizes=\"auto, (max-width: 1024px) 100vw, 1024px\" \/><\/figure>\n\n\n\n<p class=\"has-neve-link-color-color has-text-color has-link-color has-small-font-size wp-elements-75d1734c525e8d48a35d4f723964938d\">Mitten im Vortrag: Nikos und TIK History beim Q&amp;A zur Frage: Warum is Kommunismus immernoch eine so gro\u00dfe Sache.<\/p>\n\n\n\n<p>F\u00fcr uns pers\u00f6nlich die H\u00f6hepunkte waren zum einen der Vortrag von Nikos, den wir bereits mehrfach auf unseren Veranstaltungen zu Gast hatten \u2013 aus gutem Grund. Er war so leidenschaftlich und charismatisch wie eh und je. Zum anderen der Besuch des YouTubers TIK History, der ebenfalls an einem Q&amp;A teilnahm und sichtlich angetan von der positiven Stimmung war.<\/p>\n\n\n\n<figure class=\"wp-block-image size-large\"><img loading=\"lazy\" decoding=\"async\" width=\"1024\" height=\"576\" src=\"https:\/\/aynrand.pro\/wp-content\/uploads\/2025\/03\/ari3-1024x576.jpg\" alt=\"\" class=\"wp-image-749\" srcset=\"https:\/\/aynrand.pro\/wp-content\/uploads\/2025\/03\/ari3-1024x576.jpg 1024w, https:\/\/aynrand.pro\/wp-content\/uploads\/2025\/03\/ari3-300x169.jpg 300w, https:\/\/aynrand.pro\/wp-content\/uploads\/2025\/03\/ari3-768x432.jpg 768w, https:\/\/aynrand.pro\/wp-content\/uploads\/2025\/03\/ari3-1536x864.jpg 1536w, https:\/\/aynrand.pro\/wp-content\/uploads\/2025\/03\/ari3.jpg 1920w\" sizes=\"auto, (max-width: 1024px) 100vw, 1024px\" \/><\/figure>\n\n\n\n<p class=\"has-neve-link-color-color has-text-color has-link-color has-small-font-size wp-elements-ac8a85127c68adc920e86668ccb73cda\">Abendessen in einem nahegelegenen Restaurant, begleitet von lebhaften Gespr\u00e4chen \u00fcber die \u00dcberwindung falscher Sch\u00fcchternheit und die beste Strategie zur Verbreitung des Objektivismus.<\/p>\n\n\n\n<p><br><br><br><\/p>\n","protected":false},"excerpt":{"rendered":"<p>Mit gro\u00dfer Freude waren wir, wie auch viele Mitglieder unserer Partnerorganisation Liberty Rising bei der diesj\u00e4hrigen Ayn Rand Con Europe im Berliner Hotel Dorint. Und wir m\u00fcssen sagen \u2013 wir waren sehr positiv \u00fcberrascht. Insbesondere von unseren Mitbesuchern und ihrem hohen und aufrichtigen intelektuellem Interesse. Leider eine Seltenheit auf vielen Freiheitskonferenzen, die oft eher von&hellip;&nbsp;<a href=\"https:\/\/aynrand.pro\/index.php\/2025\/03\/25\/wir-auf-der-ayn-rand-con-2025-in-berlin\/\" class=\"\" rel=\"bookmark\">Weiterlesen &raquo;<span class=\"screen-reader-text\">Wir auf der Ayn Rand Con 2025 in Berlin<\/span><\/a><\/p>\n","protected":false},"author":1,"featured_media":747,"comment_status":"closed","ping_status":"open","sticky":false,"template":"","format":"standard","meta":{"_coblocks_attr":"","_coblocks_dimensions":"","_coblocks_responsive_height":"","_coblocks_accordion_ie_support":"","_eb_attr":"","_uag_custom_page_level_css":"","advgb_blocks_editor_width":"","advgb_blocks_columns_visual_guide":"","neve_meta_sidebar":"","neve_meta_container":"","neve_meta_enable_content_width":"","neve_meta_content_width":0,"neve_meta_title_alignment":"","neve_meta_author_avatar":"","neve_post_elements_order":"","neve_meta_disable_header":"","neve_meta_disable_footer":"","neve_meta_disable_title":"","footnotes":""},"categories":[1],"tags":[],"class_list":["post-746","post","type-post","status-publish","format-standard","has-post-thumbnail","hentry","category-allgemein"],"aioseo_notices":[],"featured_image_src":"https:\/\/aynrand.pro\/wp-content\/uploads\/2025\/03\/ari1.jpg","author_info":{"display_name":"admin","author_link":"https:\/\/aynrand.pro\/index.php\/author\/admin\/"},"author_meta":{"display_name":"admin","author_link":"https:\/\/aynrand.pro\/index.php\/author\/admin\/"},"featured_img":"https:\/\/aynrand.pro\/wp-content\/uploads\/2025\/03\/ari1-300x169.jpg","uagb_featured_image_src":{"full":["https:\/\/aynrand.pro\/wp-content\/uploads\/2025\/03\/ari1.jpg",1920,1080,false],"thumbnail":["https:\/\/aynrand.pro\/wp-content\/uploads\/2025\/03\/ari1-150x150.jpg",150,150,true],"medium":["https:\/\/aynrand.pro\/wp-content\/uploads\/2025\/03\/ari1-300x169.jpg",300,169,true],"medium_large":["https:\/\/aynrand.pro\/wp-content\/uploads\/2025\/03\/ari1-768x432.jpg",768,432,true],"large":["https:\/\/aynrand.pro\/wp-content\/uploads\/2025\/03\/ari1-1024x576.jpg",1024,576,true],"1536x1536":["https:\/\/aynrand.pro\/wp-content\/uploads\/2025\/03\/ari1-1536x864.jpg",1536,864,true],"2048x2048":["https:\/\/aynrand.pro\/wp-content\/uploads\/2025\/03\/ari1.jpg",1920,1080,false],"neve-blog":["https:\/\/aynrand.pro\/wp-content\/uploads\/2025\/03\/ari1-930x620.jpg",930,620,true]},"uagb_author_info":{"display_name":"admin","author_link":"https:\/\/aynrand.pro\/index.php\/author\/admin\/"},"uagb_comment_info":0,"uagb_excerpt":"Mit gro\u00dfer Freude waren wir, wie auch viele Mitglieder unserer Partnerorganisation Liberty Rising bei der diesj\u00e4hrigen Ayn Rand Con Europe im Berliner Hotel Dorint. Und wir m\u00fcssen sagen \u2013 wir waren sehr positiv \u00fcberrascht. Insbesondere von unseren Mitbesuchern und ihrem hohen und aufrichtigen intelektuellem Interesse. Leider eine Seltenheit auf vielen Freiheitskonferenzen, die oft eher von&hellip;&nbsp;Weiterlesen&hellip;","coauthors":[],"tax_additional":{"categories":{"linked":["<a href=\"https:\/\/aynrand.pro\/index.php\/category\/allgemein\/\" class=\"advgb-post-tax-term\">Allgemein<\/a>"],"unlinked":["<span class=\"advgb-post-tax-term\">Allgemein<\/span>"]}},"comment_count":"0","relative_dates":{"created":"Ver\u00f6ffentlicht 1\u00a0Jahr vor","modified":"Aktualisiert 1\u00a0Jahr vor"},"absolute_dates":{"created":"Ver\u00f6ffentlicht am 25. M\u00e4rz 2025","modified":"Aktualisiert am 25. M\u00e4rz 2025"},"absolute_dates_time":{"created":"Ver\u00f6ffentlicht am 25. M\u00e4rz 2025 16:14","modified":"Aktualisiert am 25. M\u00e4rz 2025 16:14"},"featured_img_caption":"","series_order":"","_links":{"self":[{"href":"https:\/\/aynrand.pro\/index.php\/wp-json\/wp\/v2\/posts\/746","targetHints":{"allow":["GET"]}}],"collection":[{"href":"https:\/\/aynrand.pro\/index.php\/wp-json\/wp\/v2\/posts"}],"about":[{"href":"https:\/\/aynrand.pro\/index.php\/wp-json\/wp\/v2\/types\/post"}],"author":[{"embeddable":true,"href":"https:\/\/aynrand.pro\/index.php\/wp-json\/wp\/v2\/users\/1"}],"replies":[{"embeddable":true,"href":"https:\/\/aynrand.pro\/index.php\/wp-json\/wp\/v2\/comments?post=746"}],"version-history":[{"count":1,"href":"https:\/\/aynrand.pro\/index.php\/wp-json\/wp\/v2\/posts\/746\/revisions"}],"predecessor-version":[{"id":752,"href":"https:\/\/aynrand.pro\/index.php\/wp-json\/wp\/v2\/posts\/746\/revisions\/752"}],"wp:featuredmedia":[{"embeddable":true,"href":"https:\/\/aynrand.pro\/index.php\/wp-json\/wp\/v2\/media\/747"}],"wp:attachment":[{"href":"https:\/\/aynrand.pro\/index.php\/wp-json\/wp\/v2\/media?parent=746"}],"wp:term":[{"taxonomy":"category","embeddable":true,"href":"https:\/\/aynrand.pro\/index.php\/wp-json\/wp\/v2\/categories?post=746"},{"taxonomy":"post_tag","embeddable":true,"href":"https:\/\/aynrand.pro\/index.php\/wp-json\/wp\/v2\/tags?post=746"}],"curies":[{"name":"wp","href":"https:\/\/api.w.org\/{rel}","templated":true}]}}